{"id":2929,"date":"2023-01-31T11:33:58","date_gmt":"2023-01-31T10:33:58","guid":{"rendered":"https:\/\/novalja-milijan.com\/pag-szigete-pag-egy-epikus-szabadteri-kaland\/"},"modified":"2023-02-22T14:41:14","modified_gmt":"2023-02-22T13:41:14","slug":"pag-szigete-pag-egy-epikus-szabadteri-kaland","status":"publish","type":"post","link":"https:\/\/novalja-milijan.com\/hu\/pag-szigete-pag-egy-epikus-szabadteri-kaland\/","title":{"rendered":"Pag szigete: Pag: Egy epikus szabadt\u00e9ri kaland"},"content":{"rendered":"<div class=\"fusion-fullwidth fullwidth-box fusion-builder-row-1 fusion-flex-container nonhundred-percent-fullwidth non-hundred-percent-height-scrolling\" style=\"--awb-border-radius-top-left:0px;--awb-border-radius-top-right:0px;--awb-border-radius-bottom-right:0px;--awb-border-radius-bottom-left:0px;--awb-margin-top:50px;--awb-flex-wrap:wrap;\" ><div class=\"fusion-builder-row fusion-row fusion-flex-align-items-flex-start fusion-flex-content-wrap\" style=\"max-width:1144px;margin-left: calc(-4% \/ 2 );margin-right: calc(-4% \/ 2 );\"><div class=\"fusion-layout-column fusion_builder_column fusion-builder-column-0 fusion_builder_column_1_1 1_1 fusion-flex-column\" style=\"--awb-bg-size:cover;--awb-width-large:100%;--awb-margin-top-large:0px;--awb-spacing-right-large:1.92%;--awb-margin-bottom-large:20px;--awb-spacing-left-large:1.92%;--awb-width-medium:100%;--awb-order-medium:0;--awb-spacing-right-medium:1.92%;--awb-spacing-left-medium:1.92%;--awb-width-small:100%;--awb-order-small:0;--awb-spacing-right-small:1.92%;--awb-spacing-left-small:1.92%;\"><div class=\"fusion-column-wrapper fusion-column-has-shadow fusion-flex-justify-content-flex-start fusion-content-layout-column\"><div class=\"fusion-text fusion-text-1\"><h2>Pag szigete: Kajakoz\u00e1s, SUP, ker\u00e9kp\u00e1rutak \u00e9s hegym\u00e1sz\u00e1s<\/h2>\n<p>Epikus szabadt\u00e9ri kalandot keres? Ne keressen tov\u00e1bb Pag sziget\u00e9n\u00e9l! A kajakoz\u00e1st\u00f3l a SUP-ig, a ker\u00e9kp\u00e1rutakt\u00f3l a hegym\u00e1sz\u00e1sig, ez a sziget mindenki sz\u00e1m\u00e1ra k\u00edn\u00e1l valamit. Fedezze fel, hogy Pag mi\u00e9rt kihagyhatatlan \u00fati c\u00e9l a csod\u00e1latos sportol\u00e1si lehet\u0151s\u00e9gekkel, az egyed\u00fcl\u00e1ll\u00f3 &#8222;\u00c9let a Marson&#8221; tan\u00f6sv\u00e9ny\u00e9vel \u00e9s m\u00e9g sok m\u00e1ssal. Olvass tov\u00e1bb, hogy mindent megtudj az utaz\u00e1sra val\u00f3 felk\u00e9sz\u00fcl\u00e9sr\u0151l \u00e9s a r\u00e1d v\u00e1r\u00f3 izgalmas tev\u00e9kenys\u00e9gekr\u0151l!<\/p>\n<p>Bevezet\u00e9s Pag sziget\u00e9re<\/p>\n<p>Pag egy sziget Horv\u00e1torsz\u00e1g partjain\u00e1l az Adriai-tengeren. Az er\u0151s szel\u00e9r\u0151l ismert, ami a sz\u00f6rf\u00f6z\u00e9s \u00e9s a kitesurf n\u00e9pszer\u0171 c\u00e9lpontj\u00e1v\u00e1 teszi. A sziget Horv\u00e1torsz\u00e1g legjobb ker\u00e9kp\u00e1r\u00fatjainak \u00e9s gy\u00f6ny\u00f6r\u0171 t\u00fara\u00fatvonalainak is otthont ad. A szigeten sz\u00e1mos kajak- \u00e9s SUP-\u00fatvonal is tal\u00e1lhat\u00f3.<\/p>\n<p>A sziget szabadt\u00e9ri tev\u00e9kenys\u00e9geinek \u00e1ttekint\u00e9se<\/p>\n<p>Felt\u00e9telezve, hogy szeretne \u00e1ttekint\u00e9st kapni a Pag sziget\u00e9n el\u00e9rhet\u0151 szabadt\u00e9ri tev\u00e9kenys\u00e9gekr\u0151l:<\/p>\n<p>Pag sziget\u00e9n sz\u00e1mos szabadt\u00e9ri tev\u00e9kenys\u00e9gre van lehet\u0151s\u00e9g. A kajakoz\u00e1s, a SUP, a ker\u00e9kp\u00e1roz\u00e1s \u00e9s a hegym\u00e1sz\u00e1s mind n\u00e9pszer\u0171 v\u00e1laszt\u00e1s azok sz\u00e1m\u00e1ra, akik a term\u00e9szetet szeretn\u00e9k felfedezni.<\/p>\n<p>Pag sziget\u00e9n tal\u00e1lhat\u00f3 Horv\u00e1torsz\u00e1g legszebb t\u00e1jai. Krist\u00e1lytiszta viz\u00e9vel \u00e9s homokos strandjaival nem csoda, hogy a kajakoz\u00e1s \u00e9s a SUP n\u00e9pszer\u0171 v\u00e1laszt\u00e1s azok sz\u00e1m\u00e1ra, akik a szabad term\u00e9szetet szeretn\u00e9k felfedezni. A sziget rengeteg ker\u00e9kp\u00e1r\u00fattal is rendelkezik, amelyek erd\u0151k\u00f6n \u00e9s olajfaligeteken kereszt\u00fcl vezetnek, \u00edgy t\u00f6k\u00e9letes \u00fati c\u00e9l azoknak, akik szeretnek lovagolni. \u00c9s v\u00e9g\u00fcl, de nem utols\u00f3sorban, a szigeten sz\u00e1mos hegym\u00e1sz\u00f3hely tal\u00e1lhat\u00f3, ahonnan l\u00e9legzetel\u00e1ll\u00edt\u00f3 kil\u00e1t\u00e1s ny\u00edlik az Adriai-tengerre.<\/p>\n<p>Kajakoz\u00e1s: Felszerel\u00e9s, \u00fatvonalak \u00e9s biztons\u00e1g<\/p>\n<p>Ha Pag-szigetre tervezel kir\u00e1ndul\u00e1st, mindenk\u00e9ppen csomagold be a kajakod vagy a stand-up paddleboardod! Rengeteg v\u00edzi \u00fatvonalat lehet felfedezni, \u00e9s a sziget szikl\u00e1s partvonala gy\u00f6ny\u00f6r\u0171 evez\u0151s \u00fatvonalakat k\u00edn\u00e1l. Miel\u0151tt elindul, mindenk\u00e9ppen vegye figyelembe az al\u00e1bbi biztons\u00e1gi ir\u00e1nyelveket.<\/p>\n<p>Ami a kajakfelszerel\u00e9st illeti, sz\u00fcks\u00e9ged lesz kajakra, evez\u0151re, ment\u0151mell\u00e9nyre \u00e9s sisakra. A saj\u00e1t felszerel\u00e9s\u00e9t hozhatja, vagy b\u00e9relheti a Pag-szigeten. Ha b\u00e9relsz, mindenk\u00e9ppen j\u00f3 min\u0151s\u00e9g\u0171, a tud\u00e1sszintednek megfelel\u0151 kajakot v\u00e1lassz.<\/p>\n<p>Pag Islanden sz\u00e1mos nagyszer\u0171 kajakos \u00fatvonal van, \u00edgy csak rajtad m\u00falik, melyik a megfelel\u0151 sz\u00e1modra. Indul\u00e1s el\u0151tt mindenk\u00e9ppen vegye figyelembe az id\u0151j\u00e1r\u00e1si k\u00f6r\u00fclm\u00e9nyeket \u00e9s az \u00e1rap\u00e1lyokat. \u00c9s mindig evezz egy t\u00e1rsaddal &#8211; sokkal sz\u00f3rakoztat\u00f3bb \u00e9s biztons\u00e1gosabb!<\/p>\n<p>A kajakoz\u00e1s sor\u00e1n mindig a biztons\u00e1g a legfontosabb. Mindenk\u00e9ppen tartsa be az \u00f6sszes k\u00f6zleked\u00e9si szab\u00e1lyt, \u00e9s mindig viselje a ment\u0151mell\u00e9nyt. Figyeljen az id\u0151j\u00e1r\u00e1si viszonyokra, \u00e9s tartsa szemmel a szikl\u00e1kat \u00e9s egy\u00e9b akad\u00e1lyokat a v\u00edzben. Soha ne evezz egyed\u00fcl &#8211; mindig hozz magaddal egy bar\u00e1tot!<\/p>\n<p>Stand Up Paddleboarding (SUP): Felszerel\u00e9s, \u00fatvonalak \u00e9s biztons\u00e1g<\/p>\n<p>A stand up paddleboarding (SUP) nagyszer\u0171 m\u00f3dja Pag sziget\u00e9nek felfedez\u00e9s\u00e9nek. Sokf\u00e9le \u00fatvonalat v\u00e1laszthat, \u00e9s a t\u00e1j leny\u0171g\u00f6z\u0151. A SUP szint\u00e9n remek edz\u00e9s, \u00e9s remek m\u00f3dja annak, hogy kimozdulj a v\u00edzre, \u00e9s \u00e9lvezd a naps\u00fct\u00e9st.<\/p>\n<p>Van n\u00e9h\u00e1ny dolog, amit tudnod kell, miel\u0151tt SUP-ozni m\u00e9sz Pagra. El\u0151sz\u00f6r is meg kell gy\u0151z\u0151dnie arr\u00f3l, hogy rendelkezik-e megfelel\u0151 felszerel\u00e9ssel. Sz\u00fcks\u00e9ged lesz egy evez\u0151lapra, egy evez\u0151re \u00e9s egy ment\u0151mell\u00e9nyre. Mindezeket a felszerel\u00e9seket a szigeten sz\u00e1mos helyen b\u00e9relheti.<\/p>\n<p>M\u00e1sodszor, tiszt\u00e1ban kell lennie az \u00e1rap\u00e1lyokkal. Az \u00e1rap\u00e1ly gyorsan v\u00e1ltozhat, \u00e9s megnehez\u00edtheti a partra val\u00f3 visszaevez\u00e9st, ha nem vagy felk\u00e9sz\u00fclve. Miel\u0151tt elindulsz, mindenk\u00e9ppen n\u00e9zd meg az \u00e1rap\u00e1ly-t\u00e9rk\u00e9peket, hogy tudd, mikor biztons\u00e1gos az evez\u00e9s.<\/p>\n<p>Harmadszor, figyeljen a t\u00f6bbi haj\u00f3ra \u00e9s jet-skire a k\u00f6rny\u00e9ken. Olyan hull\u00e1mokat hozhatnak l\u00e9tre, amelyek megnehez\u00edtik a paddleboardon val\u00f3 fel\u00e1ll\u00e1st. Gy\u0151z\u0151dj\u00f6n meg arr\u00f3l is, hogy t\u00e1vol marad minden olyan ter\u00fclett\u0151l, ahol er\u0151s \u00e1ramlatok vannak.<\/p>\n<p>V\u00e9gezet\u00fcl ne feledje, hogy mindig haszn\u00e1ljon naptejet! A nap nagyon er\u0151s lehet Pagon, ez\u00e9rt mindenk\u00e9ppen kenje be mag\u00e1t naptejjel, miel\u0151tt kimegy a v\u00edzre.<\/p>\n<p>A paddleboardoz\u00e1s nagyszer\u0171 m\u00f3dja Pag felfedez\u00e9s\u00e9nek \u00e9s egy\u00fattal a testmozg\u00e1snak. Felt\u00e9tlen\u00fcl tartsd be ezeket a biztons\u00e1gi tippeket, hogy sz\u00f3rakoztat\u00f3 \u00e9s biztons\u00e1gos \u00e9lm\u00e9nyben legyen r\u00e9szed!<\/p>\n<p>Ker\u00e9kp\u00e1rutak: \u00datvonalak \u00e9s biztons\u00e1gi ir\u00e1nyelvek<\/p>\n<p>Ami a ker\u00e9kp\u00e1rutakat illeti, Pag sziget\u00e9n minden tud\u00e1sszintnek megfelel\u0151 \u00fatvonalakat k\u00edn\u00e1lnak. A k\u00f6nny\u0171 fest\u0151i \u00f6sv\u00e9nyekt\u0151l a nagyobb kih\u00edv\u00e1st jelent\u0151 hegyi terepekig mindenki sz\u00e1m\u00e1ra van valami. Az Adriai-tengerre \u00e9s a k\u00f6rnyez\u0151 szigetekre ny\u00edl\u00f3 leny\u0171g\u00f6z\u0151 kil\u00e1t\u00e1s miatt pedig \u00e9rdemes lesz mag\u00e1val vinnie a f\u00e9nyk\u00e9pez\u0151g\u00e9p\u00e9t is.<\/p>\n<p>Ha biztons\u00e1gr\u00f3l van sz\u00f3, mindig viseljen buk\u00f3sisakot, \u00e9s tartsa be a kihelyezett k\u00f6zleked\u00e9si szab\u00e1lyokat. Mindig legyen tiszt\u00e1ban a k\u00f6rnyezet\u00e9vel, k\u00fcl\u00f6n\u00f6sen meredek emelked\u0151k\u00f6n val\u00f3 ereszked\u00e9skor. \u00c9s mindig adjon els\u0151bbs\u00e9get a gyalogosoknak.<\/p>\n<p>Pagon sz\u00e1mos n\u00e9pszer\u0171 ker\u00e9kp\u00e1r\u00fat tal\u00e1lhat\u00f3, amelyeket \u00e9rdemes felfedezni. Az els\u0151 a Novalja \u00e9s a Zrce strand k\u00f6z\u00f6tti \u00fatvonal, amely k\u00f6r\u00fclbel\u00fcl 5 kilom\u00e9ter hossz\u00fa, \u00e9s t\u00f6bbnyire s\u00edk, n\u00e9h\u00e1ny enyhe emelked\u0151vel. Ez az \u00fatvonal t\u00f6k\u00e9letes azok sz\u00e1m\u00e1ra, akik egy k\u00f6nny\u0171, gy\u00f6ny\u00f6r\u0171 t\u00e1jat keresnek.<\/p>\n<p>Ha valami nagyobb kih\u00edv\u00e1st keres, menjen a sziget d\u00e9li r\u00e9sz\u00e9re, ahol sz\u00e1mos hegyi ker\u00e9kp\u00e1rutat tal\u00e1l. Ezek az \u00fatvonalak a k\u00f6zepest\u0151l a neh\u00e9zig terjednek, \u00e9s leny\u0171g\u00f6z\u0151 kil\u00e1t\u00e1st ny\u00fajtanak a tengerre \u00e9s a k\u00f6rnyez\u0151 szigetekre. Csak gy\u0151z\u0151dj\u00f6n meg r\u00f3la, hogy felk\u00e9sz\u00fclt az edz\u00e9sre, miel\u0151tt nekiv\u00e1gna ezeknek az \u00f6sv\u00e9nyeknek.<\/p>\n<p>Nem sz\u00e1m\u00edt, milyen kalandot keresel, Pag mindenki sz\u00e1m\u00e1ra tartogat valamit. Sz\u00f3val menjetek ki, \u00e9s fedezz\u00e9tek fel mindazt, amit ez a gy\u00f6ny\u00f6r\u0171 sziget k\u00edn\u00e1l!<\/p>\n<p>M\u00e1sz\u00e1s: Tapasztalatok: \u00fatvonalak \u00e9s biztons\u00e1gi tapasztalatok<\/p>\n<p>Pag egy Horv\u00e1torsz\u00e1g partjain\u00e1l fekv\u0151 sziget, amely j\u00f3l ismert a szabadt\u00e9ri kalandt\u00far\u00e1kr\u00f3l. Az egyik legn\u00e9pszer\u0171bb tev\u00e9kenys\u00e9g Pagon a hegym\u00e1sz\u00e1s. A Pagon val\u00f3 m\u00e1sz\u00e1s sor\u00e1n sz\u00e1mos k\u00fcl\u00f6nb\u00f6z\u0151 \u00fatvonalat lehet bej\u00e1rni, \u00e9s sz\u00e1mos biztons\u00e1gi \u00e9lm\u00e9nyben lehet r\u00e9sz\u00fcnk.<\/p>\n<p>Az els\u0151 dolog, amit Pagon val\u00f3 m\u00e1sz\u00e1skor szem el\u0151tt kell tartani, hogy \u00fatvonalakb\u00f3l nincs hi\u00e1ny. Ak\u00e1r egy k\u00f6nny\u0171, ak\u00e1r egy nagyobb kih\u00edv\u00e1st jelent\u0151 m\u00e1sz\u00e1sra v\u00e1gyik, itt biztosan megtal\u00e1lja, amit keres. Mivel azonban annyi k\u00fcl\u00f6nb\u00f6z\u0151 \u00fatvonal \u00e1ll rendelkez\u00e9sre, fontos, hogy miel\u0151tt \u00fatnak indulsz, v\u00e9gezd el a kutat\u00e1st. \u00cdgy biztos lehet benne, hogy a k\u00e9pzetts\u00e9gi szintj\u00e9nek \u00e9s tapasztalat\u00e1nak legmegfelel\u0151bb \u00fatvonalat v\u00e1lasztja.<\/p>\n<p>Ha a biztons\u00e1gr\u00f3l van sz\u00f3, van n\u00e9h\u00e1ny dolog, amit szem el\u0151tt kell tartani, amikor Pagra m\u00e1szunk. Mindenekel\u0151tt mindig k\u00f6vesse a megadott jelz\u00e9seket \u00e9s utas\u00edt\u00e1sokat. Ezeket okkal helyezt\u00e9k el, \u00e9s seg\u00edtenek biztons\u00e1gban tartani a hegym\u00e1sz\u00e1s k\u00f6zben. Emellett \u00fcgyeljen arra, hogy megfelel\u0151 ruh\u00e1zatot \u00e9s l\u00e1bbelit viseljen. Ez mag\u00e1ban foglalja a z\u00e1rt cip\u0151t, a hossz\u00fa nadr\u00e1got \u00e9s a r\u00e9teges \u00f6lt\u00f6z\u00e9ket arra az esetre, ha az id\u0151j\u00e1r\u00e1s leh\u0171lne. \u00c9s v\u00e9g\u00fcl, mindig vigyen mag\u00e1val sok vizet, hogy a hegym\u00e1sz\u00e1s sor\u00e1n hidrat\u00e1lt maradjon.<\/p>\n<p>Ha k\u00f6veti ezeket az egyszer\u0171 tan\u00e1csokat, biztons\u00e1gos \u00e9s \u00e9lvezetes \u00e9lm\u00e9nyben lehet r\u00e9sze a Pagon val\u00f3 m\u00e1sz\u00e1s sor\u00e1n.<\/p>\n<p>\u00c9let a Marson nyomvonal: A Mars Mars \u00fatvonala: \u00e1ttekint\u00e9s, mire sz\u00e1m\u00edtson, tippek<\/p>\n<p>Ha olyan szabadt\u00e9ri kalandot keres, amely mag\u00e1ban foglalja a kajakoz\u00e1st, a SUP-ot, a ker\u00e9kp\u00e1roz\u00e1st \u00e9s a hegym\u00e1sz\u00e1st, akkor Pag szigete a t\u00f6k\u00e9letes \u00fati c\u00e9l az \u00d6n sz\u00e1m\u00e1ra. A sziget Horv\u00e1torsz\u00e1g legl\u00e9legzetel\u00e1ll\u00edt\u00f3bb t\u00e1jainak ad otthont, \u00e9s v\u00e1ltozatos domborzati viszonyai miatt a szabadt\u00e9ri sportok szerelmeseinek j\u00e1tsz\u00f3tere. \u00cdme, amit Pag sziget\u00e9nek felfedez\u00e9s\u00e9r\u0151l tudni kell:<\/p>\n<p>\u00c1ttekint\u00e9s:<\/p>\n<p>Pag sziget Horv\u00e1torsz\u00e1g partjain\u00e1l tal\u00e1lhat\u00f3 az Adriai-tengeren. Gy\u00f6ny\u00f6r\u0171 strandjair\u00f3l, krist\u00e1lytiszta viz\u00e9r\u0151l \u00e9s buja n\u00f6v\u00e9nyzet\u00e9r\u0151l ismert. A sziget sz\u00e1mos t\u00f6rt\u00e9nelmi \u00e9s kultur\u00e1lis helysz\u00ednnek is otthont ad, k\u00f6zt\u00fck Zadar \u00f3kori v\u00e1ros\u00e1nak.<\/p>\n<p>Mire sz\u00e1m\u00edthat:<\/p>\n<p>Pag szigete sz\u00e1mos tev\u00e9kenys\u00e9get k\u00edn\u00e1l a l\u00e1togat\u00f3k sz\u00e1m\u00e1ra. A kajakoz\u00e1s, SUP, ker\u00e9kp\u00e1roz\u00e1s \u00e9s hegym\u00e1sz\u00e1s mellett t\u00far\u00e1zhatsz, \u00faszhatsz, sz\u00f6rf\u00f6zhetsz \u00e9s m\u00e9g sok minden m\u00e1st is tehetsz. Rengeteg lehet\u0151s\u00e9g van a tengerparton val\u00f3 pihen\u00e9sre vagy a sziget sz\u00e1mos \u00e9tterm\u00e9nek \u00e9s k\u00e1v\u00e9z\u00f3j\u00e1nak felfedez\u00e9s\u00e9re is.<\/p>\n<p>Tippek:<\/p>\n<p>\u00cdme n\u00e9h\u00e1ny tipp, hogy a lehet\u0151 legt\u00f6bbet hozza ki a Pag-szigetre tett l\u00e1togat\u00e1s\u00e1b\u00f3l:<\/p>\n<p>-Mindenk\u00e9ppen csomagoljon naptejet, kalapot \u00e9s napszem\u00fcveget; a szigeten a nap nagyon er\u0151s lehet. -K\u00e9sz\u00fclj\u00f6n fel a t\u00f6megre a f\u0151szezonban (j\u00falius-augusztus); fontolja meg, hogy ezeken a h\u00f3napokon k\u00edv\u00fcl l\u00e1togasson el, ha el akarja ker\u00fclni a t\u00f6meget. -K\u00e9nyelmes cip\u0151t viseljen; sok gyalogl\u00e1ssal j\u00e1r a v\u00e1ros felfedez\u00e9se.<\/p>\n<p>K\u00f6vetkeztet\u00e9s<\/p>\n<p>Pag szigete hihetetlen\u00fcl sokf\u00e9le tev\u00e9kenys\u00e9get k\u00edn\u00e1l a kalandv\u00e1gy\u00f3 utaz\u00f3knak. A krist\u00e1lytiszta vizekben val\u00f3 kajakoz\u00e1st\u00f3l a homokk\u0151 szikl\u00e1k megm\u00e1sz\u00e1s\u00e1ig mindenki sz\u00e1m\u00e1ra van valami. Gy\u00f6ny\u00f6r\u0171 t\u00e1jakkal, rengeteg vadon \u00e9l\u0151 \u00e9l\u0151vil\u00e1ggal \u00e9s er\u0151forr\u00e1ssal, Pag egy \u00e9letre sz\u00f3l\u00f3 eml\u00e9keket fog hagyni \u00d6nnek. Ak\u00e1r pihenni, ak\u00e1r felfedezni szeretne, Pag t\u00f6k\u00e9letes menek\u00fcl\u00e9st ny\u00fajt a mindennapok el\u0151l. Fedezze fel ezt a l\u00e9legzetel\u00e1ll\u00edt\u00f3 szigetet &#8211; garant\u00e1ljuk, hogy nem ez lesz az utols\u00f3 l\u00e1togat\u00e1sa!<\/p>\n<\/div><\/div><\/div><\/div><\/div>\n","protected":false},"excerpt":{"rendered":"","protected":false},"author":1,"featured_media":3182,"comment_status":"open","ping_status":"closed","sticky":false,"template":"","format":"standard","meta":{"_monsterinsights_skip_tracking":false,"_monsterinsights_sitenote_active":false,"_monsterinsights_sitenote_note":"","_monsterinsights_sitenote_category":0,"footnotes":""},"categories":[165],"tags":[],"class_list":["post-2929","post","type-post","status-publish","format-standard","has-post-thumbnail","hentry","category-blog-hu"],"yoast_head":"<!-- This site is optimized with the Yoast SEO plugin v27.5 - https:\/\/yoast.com\/product\/yoast-seo-wordpress\/ -->\n<title>Pag szigete: Pag: Egy epikus szabadt\u00e9ri kaland &#187; Apartments Milijan<\/title>\n<meta name=\"description\" content=\"Ove godine 2021. bit \u0107e festivala i doga\u0111anja na pla\u017ei Zr\u0107e.Neki od njih su:03.07.2021 - 09.07.2021\" \/>\n<meta name=\"robots\" content=\"index, follow, max-snippet:-1, max-image-preview:large, max-video-preview:-1\" \/>\n<link rel=\"canonical\" href=\"https:\/\/novalja-milijan.com\/hu\/pag-szigete-pag-egy-epikus-szabadteri-kaland\/\" \/>\n<meta property=\"og:locale\" content=\"hu_HU\" \/>\n<meta property=\"og:type\" content=\"article\" \/>\n<meta property=\"og:title\" content=\"Pag szigete: Pag: Egy epikus szabadt\u00e9ri kaland &#187; Apartments Milijan\" \/>\n<meta property=\"og:description\" content=\"Ove godine 2021. bit \u0107e festivala i doga\u0111anja na pla\u017ei Zr\u0107e.Neki od njih su:03.07.2021 - 09.07.2021\" \/>\n<meta property=\"og:url\" content=\"https:\/\/novalja-milijan.com\/hu\/pag-szigete-pag-egy-epikus-szabadteri-kaland\/\" \/>\n<meta property=\"og:site_name\" content=\"Apartments Milijan\" \/>\n<meta property=\"article:published_time\" content=\"2023-01-31T10:33:58+00:00\" \/>\n<meta property=\"article:modified_time\" content=\"2023-02-22T13:41:14+00:00\" \/>\n<meta property=\"og:image\" content=\"https:\/\/novalja-milijan.com\/wp-content\/uploads\/2023\/01\/shutterstock_1760551910.jpg\" \/>\n\t<meta property=\"og:image:width\" content=\"1024\" \/>\n\t<meta property=\"og:image:height\" content=\"706\" \/>\n\t<meta property=\"og:image:type\" content=\"image\/jpeg\" \/>\n<meta name=\"author\" content=\"skunca\" \/>\n<meta name=\"twitter:card\" content=\"summary_large_image\" \/>\n<meta name=\"twitter:label1\" content=\"Szerz\u0151:\" \/>\n\t<meta name=\"twitter:data1\" content=\"skunca\" \/>\n\t<meta name=\"twitter:label2\" content=\"Becs\u00fclt olvas\u00e1si id\u0151\" \/>\n\t<meta name=\"twitter:data2\" content=\"12 perc\" \/>\n<script type=\"application\/ld+json\" class=\"yoast-schema-graph\">{\"@context\":\"https:\\\/\\\/schema.org\",\"@graph\":[{\"@type\":\"Article\",\"@id\":\"https:\\\/\\\/novalja-milijan.com\\\/hu\\\/pag-szigete-pag-egy-epikus-szabadteri-kaland\\\/#article\",\"isPartOf\":{\"@id\":\"https:\\\/\\\/novalja-milijan.com\\\/hu\\\/pag-szigete-pag-egy-epikus-szabadteri-kaland\\\/\"},\"author\":{\"name\":\"skunca\",\"@id\":\"https:\\\/\\\/novalja-milijan.com\\\/hu\\\/#\\\/schema\\\/person\\\/d564a02843ef1069ea6343bc280fef0d\"},\"headline\":\"Pag szigete: Pag: Egy epikus szabadt\u00e9ri kaland\",\"datePublished\":\"2023-01-31T10:33:58+00:00\",\"dateModified\":\"2023-02-22T13:41:14+00:00\",\"mainEntityOfPage\":{\"@id\":\"https:\\\/\\\/novalja-milijan.com\\\/hu\\\/pag-szigete-pag-egy-epikus-szabadteri-kaland\\\/\"},\"wordCount\":2482,\"commentCount\":0,\"publisher\":{\"@id\":\"https:\\\/\\\/novalja-milijan.com\\\/hu\\\/#\\\/schema\\\/person\\\/d564a02843ef1069ea6343bc280fef0d\"},\"image\":{\"@id\":\"https:\\\/\\\/novalja-milijan.com\\\/hu\\\/pag-szigete-pag-egy-epikus-szabadteri-kaland\\\/#primaryimage\"},\"thumbnailUrl\":\"https:\\\/\\\/novalja-milijan.com\\\/wp-content\\\/uploads\\\/2023\\\/01\\\/shutterstock_1760551910.jpg\",\"articleSection\":[\"blog\"],\"inLanguage\":\"hu\"},{\"@type\":\"WebPage\",\"@id\":\"https:\\\/\\\/novalja-milijan.com\\\/hu\\\/pag-szigete-pag-egy-epikus-szabadteri-kaland\\\/\",\"url\":\"https:\\\/\\\/novalja-milijan.com\\\/hu\\\/pag-szigete-pag-egy-epikus-szabadteri-kaland\\\/\",\"name\":\"Pag szigete: Pag: Egy epikus szabadt\u00e9ri kaland &#187; Apartments Milijan\",\"isPartOf\":{\"@id\":\"https:\\\/\\\/novalja-milijan.com\\\/hu\\\/#website\"},\"primaryImageOfPage\":{\"@id\":\"https:\\\/\\\/novalja-milijan.com\\\/hu\\\/pag-szigete-pag-egy-epikus-szabadteri-kaland\\\/#primaryimage\"},\"image\":{\"@id\":\"https:\\\/\\\/novalja-milijan.com\\\/hu\\\/pag-szigete-pag-egy-epikus-szabadteri-kaland\\\/#primaryimage\"},\"thumbnailUrl\":\"https:\\\/\\\/novalja-milijan.com\\\/wp-content\\\/uploads\\\/2023\\\/01\\\/shutterstock_1760551910.jpg\",\"datePublished\":\"2023-01-31T10:33:58+00:00\",\"dateModified\":\"2023-02-22T13:41:14+00:00\",\"description\":\"Ove godine 2021. bit \u0107e festivala i doga\u0111anja na pla\u017ei Zr\u0107e.Neki od njih su:03.07.2021 - 09.07.2021\",\"breadcrumb\":{\"@id\":\"https:\\\/\\\/novalja-milijan.com\\\/hu\\\/pag-szigete-pag-egy-epikus-szabadteri-kaland\\\/#breadcrumb\"},\"inLanguage\":\"hu\",\"potentialAction\":[{\"@type\":\"ReadAction\",\"target\":[\"https:\\\/\\\/novalja-milijan.com\\\/hu\\\/pag-szigete-pag-egy-epikus-szabadteri-kaland\\\/\"]}]},{\"@type\":\"ImageObject\",\"inLanguage\":\"hu\",\"@id\":\"https:\\\/\\\/novalja-milijan.com\\\/hu\\\/pag-szigete-pag-egy-epikus-szabadteri-kaland\\\/#primaryimage\",\"url\":\"https:\\\/\\\/novalja-milijan.com\\\/wp-content\\\/uploads\\\/2023\\\/01\\\/shutterstock_1760551910.jpg\",\"contentUrl\":\"https:\\\/\\\/novalja-milijan.com\\\/wp-content\\\/uploads\\\/2023\\\/01\\\/shutterstock_1760551910.jpg\",\"width\":1024,\"height\":706,\"caption\":\"kayaking island pag\"},{\"@type\":\"BreadcrumbList\",\"@id\":\"https:\\\/\\\/novalja-milijan.com\\\/hu\\\/pag-szigete-pag-egy-epikus-szabadteri-kaland\\\/#breadcrumb\",\"itemListElement\":[{\"@type\":\"ListItem\",\"position\":1,\"name\":\"Home\",\"item\":\"https:\\\/\\\/novalja-milijan.com\\\/hu\\\/\"},{\"@type\":\"ListItem\",\"position\":2,\"name\":\"Pag szigete: Pag: Egy epikus szabadt\u00e9ri kaland\"}]},{\"@type\":\"WebSite\",\"@id\":\"https:\\\/\\\/novalja-milijan.com\\\/hu\\\/#website\",\"url\":\"https:\\\/\\\/novalja-milijan.com\\\/hu\\\/\",\"name\":\"Apartments Milijan\",\"description\":\"Apartments Novalja | Island Pag\",\"publisher\":{\"@id\":\"https:\\\/\\\/novalja-milijan.com\\\/hu\\\/#\\\/schema\\\/person\\\/d564a02843ef1069ea6343bc280fef0d\"},\"potentialAction\":[{\"@type\":\"SearchAction\",\"target\":{\"@type\":\"EntryPoint\",\"urlTemplate\":\"https:\\\/\\\/novalja-milijan.com\\\/hu\\\/?s={search_term_string}\"},\"query-input\":{\"@type\":\"PropertyValueSpecification\",\"valueRequired\":true,\"valueName\":\"search_term_string\"}}],\"inLanguage\":\"hu\"},{\"@type\":[\"Person\",\"Organization\"],\"@id\":\"https:\\\/\\\/novalja-milijan.com\\\/hu\\\/#\\\/schema\\\/person\\\/d564a02843ef1069ea6343bc280fef0d\",\"name\":\"skunca\",\"image\":{\"@type\":\"ImageObject\",\"inLanguage\":\"hu\",\"@id\":\"https:\\\/\\\/secure.gravatar.com\\\/avatar\\\/a3676a1f3b1ef5e7b3529b5ceb6aaf10bfe30f00cb443b8da0b88a1298b72d91?s=96&d=mm&r=g\",\"url\":\"https:\\\/\\\/secure.gravatar.com\\\/avatar\\\/a3676a1f3b1ef5e7b3529b5ceb6aaf10bfe30f00cb443b8da0b88a1298b72d91?s=96&d=mm&r=g\",\"contentUrl\":\"https:\\\/\\\/secure.gravatar.com\\\/avatar\\\/a3676a1f3b1ef5e7b3529b5ceb6aaf10bfe30f00cb443b8da0b88a1298b72d91?s=96&d=mm&r=g\",\"caption\":\"skunca\"},\"logo\":{\"@id\":\"https:\\\/\\\/secure.gravatar.com\\\/avatar\\\/a3676a1f3b1ef5e7b3529b5ceb6aaf10bfe30f00cb443b8da0b88a1298b72d91?s=96&d=mm&r=g\"},\"sameAs\":[\"http:\\\/\\\/apartment-novalja.com\"]}]}<\/script>\n<!-- \/ Yoast SEO plugin. -->","yoast_head_json":{"title":"Pag szigete: Pag: Egy epikus szabadt\u00e9ri kaland &#187; Apartments Milijan","description":"Ove godine 2021. bit \u0107e festivala i doga\u0111anja na pla\u017ei Zr\u0107e.Neki od njih su:03.07.2021 - 09.07.2021","robots":{"index":"index","follow":"follow","max-snippet":"max-snippet:-1","max-image-preview":"max-image-preview:large","max-video-preview":"max-video-preview:-1"},"canonical":"https:\/\/novalja-milijan.com\/hu\/pag-szigete-pag-egy-epikus-szabadteri-kaland\/","og_locale":"hu_HU","og_type":"article","og_title":"Pag szigete: Pag: Egy epikus szabadt\u00e9ri kaland &#187; Apartments Milijan","og_description":"Ove godine 2021. bit \u0107e festivala i doga\u0111anja na pla\u017ei Zr\u0107e.Neki od njih su:03.07.2021 - 09.07.2021","og_url":"https:\/\/novalja-milijan.com\/hu\/pag-szigete-pag-egy-epikus-szabadteri-kaland\/","og_site_name":"Apartments Milijan","article_published_time":"2023-01-31T10:33:58+00:00","article_modified_time":"2023-02-22T13:41:14+00:00","og_image":[{"width":1024,"height":706,"url":"https:\/\/novalja-milijan.com\/wp-content\/uploads\/2023\/01\/shutterstock_1760551910.jpg","type":"image\/jpeg"}],"author":"skunca","twitter_card":"summary_large_image","twitter_misc":{"Szerz\u0151:":"skunca","Becs\u00fclt olvas\u00e1si id\u0151":"12 perc"},"schema":{"@context":"https:\/\/schema.org","@graph":[{"@type":"Article","@id":"https:\/\/novalja-milijan.com\/hu\/pag-szigete-pag-egy-epikus-szabadteri-kaland\/#article","isPartOf":{"@id":"https:\/\/novalja-milijan.com\/hu\/pag-szigete-pag-egy-epikus-szabadteri-kaland\/"},"author":{"name":"skunca","@id":"https:\/\/novalja-milijan.com\/hu\/#\/schema\/person\/d564a02843ef1069ea6343bc280fef0d"},"headline":"Pag szigete: Pag: Egy epikus szabadt\u00e9ri kaland","datePublished":"2023-01-31T10:33:58+00:00","dateModified":"2023-02-22T13:41:14+00:00","mainEntityOfPage":{"@id":"https:\/\/novalja-milijan.com\/hu\/pag-szigete-pag-egy-epikus-szabadteri-kaland\/"},"wordCount":2482,"commentCount":0,"publisher":{"@id":"https:\/\/novalja-milijan.com\/hu\/#\/schema\/person\/d564a02843ef1069ea6343bc280fef0d"},"image":{"@id":"https:\/\/novalja-milijan.com\/hu\/pag-szigete-pag-egy-epikus-szabadteri-kaland\/#primaryimage"},"thumbnailUrl":"https:\/\/novalja-milijan.com\/wp-content\/uploads\/2023\/01\/shutterstock_1760551910.jpg","articleSection":["blog"],"inLanguage":"hu"},{"@type":"WebPage","@id":"https:\/\/novalja-milijan.com\/hu\/pag-szigete-pag-egy-epikus-szabadteri-kaland\/","url":"https:\/\/novalja-milijan.com\/hu\/pag-szigete-pag-egy-epikus-szabadteri-kaland\/","name":"Pag szigete: Pag: Egy epikus szabadt\u00e9ri kaland &#187; Apartments Milijan","isPartOf":{"@id":"https:\/\/novalja-milijan.com\/hu\/#website"},"primaryImageOfPage":{"@id":"https:\/\/novalja-milijan.com\/hu\/pag-szigete-pag-egy-epikus-szabadteri-kaland\/#primaryimage"},"image":{"@id":"https:\/\/novalja-milijan.com\/hu\/pag-szigete-pag-egy-epikus-szabadteri-kaland\/#primaryimage"},"thumbnailUrl":"https:\/\/novalja-milijan.com\/wp-content\/uploads\/2023\/01\/shutterstock_1760551910.jpg","datePublished":"2023-01-31T10:33:58+00:00","dateModified":"2023-02-22T13:41:14+00:00","description":"Ove godine 2021. bit \u0107e festivala i doga\u0111anja na pla\u017ei Zr\u0107e.Neki od njih su:03.07.2021 - 09.07.2021","breadcrumb":{"@id":"https:\/\/novalja-milijan.com\/hu\/pag-szigete-pag-egy-epikus-szabadteri-kaland\/#breadcrumb"},"inLanguage":"hu","potentialAction":[{"@type":"ReadAction","target":["https:\/\/novalja-milijan.com\/hu\/pag-szigete-pag-egy-epikus-szabadteri-kaland\/"]}]},{"@type":"ImageObject","inLanguage":"hu","@id":"https:\/\/novalja-milijan.com\/hu\/pag-szigete-pag-egy-epikus-szabadteri-kaland\/#primaryimage","url":"https:\/\/novalja-milijan.com\/wp-content\/uploads\/2023\/01\/shutterstock_1760551910.jpg","contentUrl":"https:\/\/novalja-milijan.com\/wp-content\/uploads\/2023\/01\/shutterstock_1760551910.jpg","width":1024,"height":706,"caption":"kayaking island pag"},{"@type":"BreadcrumbList","@id":"https:\/\/novalja-milijan.com\/hu\/pag-szigete-pag-egy-epikus-szabadteri-kaland\/#breadcrumb","itemListElement":[{"@type":"ListItem","position":1,"name":"Home","item":"https:\/\/novalja-milijan.com\/hu\/"},{"@type":"ListItem","position":2,"name":"Pag szigete: Pag: Egy epikus szabadt\u00e9ri kaland"}]},{"@type":"WebSite","@id":"https:\/\/novalja-milijan.com\/hu\/#website","url":"https:\/\/novalja-milijan.com\/hu\/","name":"Apartments Milijan","description":"Apartments Novalja | Island Pag","publisher":{"@id":"https:\/\/novalja-milijan.com\/hu\/#\/schema\/person\/d564a02843ef1069ea6343bc280fef0d"},"potentialAction":[{"@type":"SearchAction","target":{"@type":"EntryPoint","urlTemplate":"https:\/\/novalja-milijan.com\/hu\/?s={search_term_string}"},"query-input":{"@type":"PropertyValueSpecification","valueRequired":true,"valueName":"search_term_string"}}],"inLanguage":"hu"},{"@type":["Person","Organization"],"@id":"https:\/\/novalja-milijan.com\/hu\/#\/schema\/person\/d564a02843ef1069ea6343bc280fef0d","name":"skunca","image":{"@type":"ImageObject","inLanguage":"hu","@id":"https:\/\/secure.gravatar.com\/avatar\/a3676a1f3b1ef5e7b3529b5ceb6aaf10bfe30f00cb443b8da0b88a1298b72d91?s=96&d=mm&r=g","url":"https:\/\/secure.gravatar.com\/avatar\/a3676a1f3b1ef5e7b3529b5ceb6aaf10bfe30f00cb443b8da0b88a1298b72d91?s=96&d=mm&r=g","contentUrl":"https:\/\/secure.gravatar.com\/avatar\/a3676a1f3b1ef5e7b3529b5ceb6aaf10bfe30f00cb443b8da0b88a1298b72d91?s=96&d=mm&r=g","caption":"skunca"},"logo":{"@id":"https:\/\/secure.gravatar.com\/avatar\/a3676a1f3b1ef5e7b3529b5ceb6aaf10bfe30f00cb443b8da0b88a1298b72d91?s=96&d=mm&r=g"},"sameAs":["http:\/\/apartment-novalja.com"]}]}},"_links":{"self":[{"href":"https:\/\/novalja-milijan.com\/hu\/wp-json\/wp\/v2\/posts\/2929","targetHints":{"allow":["GET"]}}],"collection":[{"href":"https:\/\/novalja-milijan.com\/hu\/wp-json\/wp\/v2\/posts"}],"about":[{"href":"https:\/\/novalja-milijan.com\/hu\/wp-json\/wp\/v2\/types\/post"}],"author":[{"embeddable":true,"href":"https:\/\/novalja-milijan.com\/hu\/wp-json\/wp\/v2\/users\/1"}],"replies":[{"embeddable":true,"href":"https:\/\/novalja-milijan.com\/hu\/wp-json\/wp\/v2\/comments?post=2929"}],"version-history":[{"count":0,"href":"https:\/\/novalja-milijan.com\/hu\/wp-json\/wp\/v2\/posts\/2929\/revisions"}],"wp:featuredmedia":[{"embeddable":true,"href":"https:\/\/novalja-milijan.com\/hu\/wp-json\/wp\/v2\/media\/3182"}],"wp:attachment":[{"href":"https:\/\/novalja-milijan.com\/hu\/wp-json\/wp\/v2\/media?parent=2929"}],"wp:term":[{"taxonomy":"category","embeddable":true,"href":"https:\/\/novalja-milijan.com\/hu\/wp-json\/wp\/v2\/categories?post=2929"},{"taxonomy":"post_tag","embeddable":true,"href":"https:\/\/novalja-milijan.com\/hu\/wp-json\/wp\/v2\/tags?post=2929"}],"curies":[{"name":"wp","href":"https:\/\/api.w.org\/{rel}","templated":true}]}}